{"id":3649,"date":"2022-02-08T11:23:39","date_gmt":"2022-02-08T16:23:39","guid":{"rendered":"https:\/\/www.synergias.co\/syn\/?p=3649"},"modified":"2022-02-08T11:23:39","modified_gmt":"2022-02-08T16:23:39","slug":"menos-del-3-de-los-colombianos-cuenta-con-un-seguro-de-vida","status":"publish","type":"post","link":"https:\/\/www.synergias.co\/syn\/menos-del-3-de-los-colombianos-cuenta-con-un-seguro-de-vida\/","title":{"rendered":"Menos del 3 % de los colombianos cuenta con un seguro de vida"},"content":{"rendered":"<h1 id=\"pnull-m131-130-132\" class=\"title tiemposBold8 titularUnderBlanco\"><span style=\"font-size: 18pt;\">Menos del 3 % de los colombianos cuenta con un seguro de vida<\/span><\/h1>\n<p>En el pa\u00eds persiste la tendencia a asegurar primero los bienes frente da\u00f1os materiales, en lugar de darle prioridad a un seguro de vida.<\/p>\n<p id=\"pnull-m175-174-176\" class=\"parrafo first-parrafo\">Pese a que la<b> cultura del seguro en Colombia <\/b>se ha incrementado en el \u00faltimo tiempo \u2013hoy su penetraci\u00f3n en el mercado es del 4% y hace un poco m\u00e1s de dos a\u00f1os se manten\u00eda en el 2,5%\u2013, preocupa que a\u00fan existe un<b> bajo porcentaje de la poblaci\u00f3n que accede a una p\u00f3liza voluntaria.<\/b><\/p>\n<p><img loading=\"lazy\" decoding=\"async\" class=\"alignnone  wp-image-3650\" src=\"https:\/\/www.synergias.co\/syn\/wp-content\/uploads\/2022\/02\/svida.jpeg\" alt=\"\" width=\"531\" height=\"399\" srcset=\"https:\/\/www.synergias.co\/syn\/wp-content\/uploads\/2022\/02\/svida.jpeg 700w, https:\/\/www.synergias.co\/syn\/wp-content\/uploads\/2022\/02\/svida-300x225.jpeg 300w\" sizes=\"auto, (max-width: 531px) 100vw, 531px\" \/><\/p>\n<p id=\"pnull-m199-3-200\" class=\"parrafo\">As\u00ed lo advierte un informe de la agencia m\u00e1ster de seguros Proyectat, de acuerdo con datos de Fasecolda, entre otras fuentes oficiales, los cuales estudi\u00f3 para dar a conocer los resultados de un an\u00e1lisis econ\u00f3mico que confirma que en el pa\u00eds el 2% de los colombianos tiene un seguro de vida, <b>lo que equivale a aproximadamente a un mill\u00f3n de personas.<\/b><\/p>\n<p>De acuerdo con el informe, durante el 2020, debido a que el principal riesgo latente en el escenario de la pandemia se relacion\u00f3 con la muerte por enfermedad y la afectaci\u00f3n de la salud, la categor\u00eda de seguros de vida creci\u00f3 un 5%. No obstante, lo cierto es que, cuando se trata de seguros voluntarios, <b>en el pa\u00eds persiste la tendencia a asegurar primero los bienes <\/b>(veh\u00edculo y viviendas) frente da\u00f1os materiales, en lugar de darle prioridad a un seguro de vida.<\/p>\n<p>&nbsp;<\/p>\n<p>Fuente: <a href=\"https:\/\/www.portafolio.co\/economia\/finanzas\/menos-del-3-de-los-colombianos-cuenta-con-un-seguro-de-vida-559153\" target=\"_blank\" rel=\"noopener noreferrer\">Portafolio<\/a><\/p>\n","protected":false},"excerpt":{"rendered":"<p>Menos del 3 % de los colombianos cuenta con un seguro de vida En el pa\u00eds persiste la tendencia a asegurar primero los bienes frente da\u00f1os materiales, en lugar de darle prioridad a un seguro de vida. Pese a que &hellip; <a class=\"kt-excerpt-readmore\" href=\"https:\/\/www.synergias.co\/syn\/menos-del-3-de-los-colombianos-cuenta-con-un-seguro-de-vida\/\" aria-label=\"Menos del 3 % de los colombianos cuenta con un seguro de vida\">Read More<\/a><\/p>\n","protected":false},"author":1,"featured_media":0,"comment_status":"closed","ping_status":"closed","sticky":false,"template":"","format":"standard","meta":{"inline_featured_image":false,"footnotes":""},"categories":[1],"tags":[40],"class_list":["post-3649","post","type-post","status-publish","format-standard","hentry","category-synergias","tag-colombia"],"_links":{"self":[{"href":"https:\/\/www.synergias.co\/syn\/wp-json\/wp\/v2\/posts\/3649","targetHints":{"allow":["GET"]}}],"collection":[{"href":"https:\/\/www.synergias.co\/syn\/wp-json\/wp\/v2\/posts"}],"about":[{"href":"https:\/\/www.synergias.co\/syn\/wp-json\/wp\/v2\/types\/post"}],"author":[{"embeddable":true,"href":"https:\/\/www.synergias.co\/syn\/wp-json\/wp\/v2\/users\/1"}],"replies":[{"embeddable":true,"href":"https:\/\/www.synergias.co\/syn\/wp-json\/wp\/v2\/comments?post=3649"}],"version-history":[{"count":1,"href":"https:\/\/www.synergias.co\/syn\/wp-json\/wp\/v2\/posts\/3649\/revisions"}],"predecessor-version":[{"id":3651,"href":"https:\/\/www.synergias.co\/syn\/wp-json\/wp\/v2\/posts\/3649\/revisions\/3651"}],"wp:attachment":[{"href":"https:\/\/www.synergias.co\/syn\/wp-json\/wp\/v2\/media?parent=3649"}],"wp:term":[{"taxonomy":"category","embeddable":true,"href":"https:\/\/www.synergias.co\/syn\/wp-json\/wp\/v2\/categories?post=3649"},{"taxonomy":"post_tag","embeddable":true,"href":"https:\/\/www.synergias.co\/syn\/wp-json\/wp\/v2\/tags?post=3649"}],"curies":[{"name":"wp","href":"https:\/\/api.w.org\/{rel}","templated":true}]}}